{"id":294,"date":"2026-03-08T20:41:40","date_gmt":"2026-03-08T20:41:40","guid":{"rendered":"https:\/\/www.herku-fotografie.de\/Fotofeed\/?p=294"},"modified":"2026-03-08T20:41:40","modified_gmt":"2026-03-08T20:41:40","slug":"spaete-heidebluete","status":"publish","type":"post","link":"https:\/\/www.herku-fotografie.de\/Fotofeed\/2026\/03\/08\/spaete-heidebluete\/","title":{"rendered":"Sp\u00e4te Heidebl\u00fcte"},"content":{"rendered":"<h2>Sp\u00e4te Heidebl\u00fcte<\/h2>\n<p><img decoding=\"async\" loading=\"lazy\" class=\"aligncenter wp-image-295 size-full\" src=\"https:\/\/www.herku-fotografie.de\/Fotofeed\/wp-content\/uploads\/2026\/03\/Spaete-Heidebluete-scaled.jpg\" alt=\"Sp\u00e4te Heidebl\u00fcte\" width=\"2560\" height=\"1707\" srcset=\"https:\/\/www.herku-fotografie.de\/Fotofeed\/wp-content\/uploads\/2026\/03\/Spaete-Heidebluete-scaled.jpg 2560w, https:\/\/www.herku-fotografie.de\/Fotofeed\/wp-content\/uploads\/2026\/03\/Spaete-Heidebluete-300x200.jpg 300w, https:\/\/www.herku-fotografie.de\/Fotofeed\/wp-content\/uploads\/2026\/03\/Spaete-Heidebluete-1024x683.jpg 1024w, https:\/\/www.herku-fotografie.de\/Fotofeed\/wp-content\/uploads\/2026\/03\/Spaete-Heidebluete-768x512.jpg 768w, https:\/\/www.herku-fotografie.de\/Fotofeed\/wp-content\/uploads\/2026\/03\/Spaete-Heidebluete-1536x1024.jpg 1536w, https:\/\/www.herku-fotografie.de\/Fotofeed\/wp-content\/uploads\/2026\/03\/Spaete-Heidebluete-2048x1365.jpg 2048w\" sizes=\"(max-width: 2560px) 100vw, 2560px\"><\/p>\n","protected":false},"excerpt":{"rendered":"<p>Sp\u00e4te Heidebl\u00fcte<\/p>\n","protected":false},"author":1,"featured_media":0,"comment_status":"open","ping_status":"open","sticky":false,"template":"","format":"standard","meta":{"iawp_total_views":3},"categories":[6],"tags":[],"share_on_pixelfed":{"url":"https:\/\/pixelfed.de\/p\/herku-fotografie\/936360339001469734","error":""},"_links":{"self":[{"href":"https:\/\/www.herku-fotografie.de\/Fotofeed\/wp-json\/wp\/v2\/posts\/294"}],"collection":[{"href":"https:\/\/www.herku-fotografie.de\/Fotofeed\/wp-json\/wp\/v2\/posts"}],"about":[{"href":"https:\/\/www.herku-fotografie.de\/Fotofeed\/wp-json\/wp\/v2\/types\/post"}],"author":[{"embeddable":true,"href":"https:\/\/www.herku-fotografie.de\/Fotofeed\/wp-json\/wp\/v2\/users\/1"}],"replies":[{"embeddable":true,"href":"https:\/\/www.herku-fotografie.de\/Fotofeed\/wp-json\/wp\/v2\/comments?post=294"}],"version-history":[{"count":1,"href":"https:\/\/www.herku-fotografie.de\/Fotofeed\/wp-json\/wp\/v2\/posts\/294\/revisions"}],"predecessor-version":[{"id":296,"href":"https:\/\/www.herku-fotografie.de\/Fotofeed\/wp-json\/wp\/v2\/posts\/294\/revisions\/296"}],"wp:attachment":[{"href":"https:\/\/www.herku-fotografie.de\/Fotofeed\/wp-json\/wp\/v2\/media?parent=294"}],"wp:term":[{"taxonomy":"category","embeddable":true,"href":"https:\/\/www.herku-fotografie.de\/Fotofeed\/wp-json\/wp\/v2\/categories?post=294"},{"taxonomy":"post_tag","embeddable":true,"href":"https:\/\/www.herku-fotografie.de\/Fotofeed\/wp-json\/wp\/v2\/tags?post=294"}],"curies":[{"name":"wp","href":"https:\/\/api.w.org\/{rel}","templated":true}]}}